{"id":17044,"date":"2022-07-03T19:21:41","date_gmt":"2022-07-03T17:21:41","guid":{"rendered":"https:\/\/www.kulturzentrum.greifswald.de\/ganz-nah-fotografie-obrazy-i-grafiki-sigrid-henschel\/"},"modified":"2022-08-24T15:12:02","modified_gmt":"2022-08-24T13:12:02","slug":"ganz-nah-fotografie-obrazy-i-grafiki-sigrid-henschel","status":"publish","type":"post","link":"https:\/\/www.kulturzentrum.greifswald.de\/pl\/ganz-nah-fotografie-obrazy-i-grafiki-sigrid-henschel\/","title":{"rendered":"&#8222;Ganz nah&#8221; &#8211; Fotografie, obrazy i grafiki Sigrid Henschel"},"content":{"rendered":"[et_pb_section fb_built=&#8221;1&#8243; _builder_version=&#8221;4.17.4&#8243; _module_preset=&#8221;default&#8221; global_colors_info=&#8221;{}&#8221;][et_pb_row column_structure=&#8221;2_5,3_5&#8243; _builder_version=&#8221;4.17.4&#8243; _module_preset=&#8221;default&#8221; global_colors_info=&#8221;{}&#8221;][et_pb_column type=&#8221;2_5&#8243; _builder_version=&#8221;4.17.4&#8243; _module_preset=&#8221;default&#8221; global_colors_info=&#8221;{}&#8221;][et_pb_image src=&#8221;https:\/\/www.kulturzentrum.greifswald.de\/wp-content\/uploads\/2022\/07\/Ganz-nah_Fotomontage-Baumzeichen_S.-Henschel_2017.jpg&#8221; title_text=&#8221;Ca\u0142a okolica_Photomonta\u017c-drzewo-znak_S.-Henschel_2017&#8243; _builder_version=&#8221;4.17.4&#8243; _module_preset=&#8221;default&#8221; global_colors_info=&#8221;{}&#8221;][\/et_pb_image][\/et_pb_column][et_pb_column type=&#8221;3_5&#8243; _builder_version=&#8221;4.17.4&#8243; _module_preset=&#8221;default&#8221; global_colors_info=&#8221;{}&#8221;][et_pb_text _builder_version=&#8221;4.17.4&#8243; _module_preset=&#8221;default&#8221; hover_enabled=&#8221;0&#8243; global_colors_info=&#8221;{}&#8221; sticky_enabled=&#8221;0&#8243;]\n<h2><span><strong>&#8222;Ganz nah&#8221; &#8211; Fotografie, obrazy i grafiki Sigrid Henschel<\/strong><\/span><\/h2>\n<p><strong>Wystawa od 15.6.-22.7, wernisa\u017c 14.6. o godz. 19.00 <\/strong><\/p>\n<div>\n<p><span lang=\"PL\">czynne pn-pt 12.00-17.00 wst\u0119p wolny, wej\u015bcie Caspar-David-Friedrich-Stra\u00dfe<\/span><span lang=\"PL\"><o:p><\/o:p><\/span><\/p>\n<\/div>\n<div>\n<p><span lang=\"PL\">Na wystawie znajduj\u0105 si\u0119 obrazy, kt\u00f3re pokazuj\u0105 zaanga\u017cowanie artystki w najbli\u017csze otoczenie, motywy, w kt\u00f3rych interesuj\u0105 j\u0105 ,rzeczy materialne, ale tak\u017ce osobista blisko\u015b\u0107.<br \/>Sama Sigrid Henschel m\u00f3wi: \u201eDla mnie widok koloru, jego mieszanie, malowanie czy tworzenie z nim ma w sobie co\u015b bardzo zmys\u0142owego, jakbym jad\u0142a cenne, bardzo smaczne danie.<br \/>Staram si\u0119 za pomoc\u0105 koloru i formy stworzy\u0107 ramy, wyt\u0142umaczenie dla tego, co widz\u0119, do\u015bwiadczam, czuj\u0119, chc\u0119 przedstawi\u0107, to, co mnie ujmuje np. uderzaj\u0105c\u0105 struktur\u0119, spadanie, chropowato\u015b\u0107, p\u0142yni\u0119cie, powtarzalno\u015b\u0107 w tym, co wida\u0107, ciep\u0142o, spok\u00f3j\u2026.<br \/>Maluj\u0119 wi\u0119c lub fotografuj\u0119 rzeczy, kt\u00f3re robi\u0105 na mnie wra\u017cenie, kt\u00f3re przede wszystkim pozytywnie mnie dotykaj\u0105. Cz\u0119sto to w\u0142a\u015bnie niespektakularne motywy podsuwaj\u0105 mi pomys\u0142 na obraz. Chwile szcz\u0119\u015bcia to dla mnie momenty, w kt\u00f3rych obrazy zdaj\u0105 si\u0119 p\u0142yn\u0105\u0107 z wn\u0119trza, przelewaj\u0105 si\u0119 na papier.\u201d<br \/>W fotografii Sigrid Henschel interesuje si\u0119 mi\u0119dzy innymi mo\u017cliwo\u015bci\u0105 skupienia uwagi. Pozwala to na wyrwanie rzeczy z ich kontekstu i spojrzenie na nie w nowy spos\u00f3b. Podobnie jak w obrazie zaproszenia, z ca\u0142o\u015bci poszczeg\u00f3lnych obraz\u00f3w wynika co\u015b zupe\u0142nie nowego. Oznaczenia drzew uk\u0142adaj\u0105 si\u0119 w zachwycaj\u0105ce abstrakcyjne i niejednoznaczne kompozycje.<br \/>Punktem wyj\u015bcia dla malarskich pomys\u0142\u00f3w jest w du\u017cej mierze badanie natury i tego, co otacza Sigrid Henschel w codziennym \u017cyciu.<o:p><\/o:p><\/span><\/p>\n<\/div>\n<div>\n<p><span lang=\"PL\">Sigrid Henschel urodzi\u0142a si\u0119 w 1951 roku na wyspie Rugii, w latach 1070 -1974 studiowa\u0142a sztuk\u0119 oraz j\u0119zyk i literatur\u0119 niemieck\u0105 w Greifswaldzie, a w latach 1974-2014 pracowa\u0142a jako nauczycielka sztuki i projektowania\/j\u0119zyka niemieckiego. Honorowo w latach 2005 \u2013 2010 by\u0142a przewodnicz\u0105c\u0105 stowarzyszenia Kunstwerkst\u00e4tten e.V., Sigrid Henschel od 2014 roku jest artystk\u0105 niezale\u017cn\u0105, cz\u0142onkiem stowarzyszenia artystycznego Art7, cz\u0142onkiem PKB e.V., (2017 \u2013 2021 przewodnicz\u0105ca PKB e.V.), od 2020 roku cz\u0142onkiem K\u00fcnstlerbund Mecklenburg-Vorpommern.<o:p><\/o:p><\/span><\/p>\n<\/div>\n[\/et_pb_text][\/et_pb_column][\/et_pb_row][\/et_pb_section]\n","protected":false},"excerpt":{"rendered":"<p>15 czerwca &#8211; 22 lipca 2022 r.<\/p>\n","protected":false},"author":7,"featured_media":16337,"comment_status":"closed","ping_status":"closed","sticky":false,"template":"","format":"standard","meta":{"_et_pb_use_builder":"on","_et_pb_old_content":"","_et_gb_content_width":""},"categories":[103],"tags":[],"acf":[],"_links":{"self":[{"href":"https:\/\/www.kulturzentrum.greifswald.de\/pl\/wp-json\/wp\/v2\/posts\/17044"}],"collection":[{"href":"https:\/\/www.kulturzentrum.greifswald.de\/pl\/wp-json\/wp\/v2\/posts"}],"about":[{"href":"https:\/\/www.kulturzentrum.greifswald.de\/pl\/wp-json\/wp\/v2\/types\/post"}],"author":[{"embeddable":true,"href":"https:\/\/www.kulturzentrum.greifswald.de\/pl\/wp-json\/wp\/v2\/users\/7"}],"replies":[{"embeddable":true,"href":"https:\/\/www.kulturzentrum.greifswald.de\/pl\/wp-json\/wp\/v2\/comments?post=17044"}],"version-history":[{"count":0,"href":"https:\/\/www.kulturzentrum.greifswald.de\/pl\/wp-json\/wp\/v2\/posts\/17044\/revisions"}],"wp:featuredmedia":[{"embeddable":true,"href":"https:\/\/www.kulturzentrum.greifswald.de\/pl\/wp-json\/wp\/v2\/media\/16337"}],"wp:attachment":[{"href":"https:\/\/www.kulturzentrum.greifswald.de\/pl\/wp-json\/wp\/v2\/media?parent=17044"}],"wp:term":[{"taxonomy":"category","embeddable":true,"href":"https:\/\/www.kulturzentrum.greifswald.de\/pl\/wp-json\/wp\/v2\/categories?post=17044"},{"taxonomy":"post_tag","embeddable":true,"href":"https:\/\/www.kulturzentrum.greifswald.de\/pl\/wp-json\/wp\/v2\/tags?post=17044"}],"curies":[{"name":"wp","href":"https:\/\/api.w.org\/{rel}","templated":true}]}}