{"id":17038,"date":"2022-07-03T19:21:06","date_gmt":"2022-07-03T17:21:06","guid":{"rendered":"https:\/\/www.kulturzentrum.greifswald.de\/warsztaty\/"},"modified":"2022-07-03T19:21:17","modified_gmt":"2022-07-03T17:21:17","slug":"warsztaty","status":"publish","type":"post","link":"https:\/\/www.kulturzentrum.greifswald.de\/pl\/warsztaty\/","title":{"rendered":"Warsztaty"},"content":{"rendered":"[et_pb_section fb_built=&#8221;1&#8243; fullwidth=&#8221;on&#8221; _builder_version=&#8221;4.17.4&#8243; _module_preset=&#8221;default&#8221; global_colors_info=&#8221;{}&#8221; theme_builder_area=&#8221;post_content&#8221;][et_pb_fullwidth_image src=&#8221;https:\/\/www.kulturzentrum.greifswald.de\/wp-content\/uploads\/2022\/06\/st-spiritus-head.jpg&#8221; title_text=&#8221;st-spiritus-head&#8221; _builder_version=&#8221;4.17.4&#8243; _module_preset=&#8221;default&#8221; global_colors_info=&#8221;{}&#8221; theme_builder_area=&#8221;post_content&#8221;][\/et_pb_fullwidth_image][\/et_pb_section][et_pb_section fb_built=&#8221;1&#8243; _builder_version=&#8221;4.17.4&#8243; _module_preset=&#8221;default&#8221; custom_padding=&#8221;|23px||||&#8221; global_colors_info=&#8221;{}&#8221; theme_builder_area=&#8221;post_content&#8221;][et_pb_row column_structure=&#8221;3_4,1_4&#8243; _builder_version=&#8221;4.17.4&#8243; _module_preset=&#8221;default&#8221; global_colors_info=&#8221;{}&#8221; theme_builder_area=&#8221;post_content&#8221;][et_pb_column type=&#8221;3_4&#8243; _builder_version=&#8221;4.17.4&#8243; _module_preset=&#8221;default&#8221; global_colors_info=&#8221;{}&#8221; theme_builder_area=&#8221;post_content&#8221;][et_pb_text _builder_version=&#8221;4.17.4&#8243; _module_preset=&#8221;default&#8221; header_font=&#8221;Cormorant Garamond|700|||||||&#8221; header_text_color=&#8221;#245b72&#8243; header_font_size=&#8221;75px&#8221; global_colors_info=&#8221;{}&#8221; theme_builder_area=&#8221;post_content&#8221;]\n<h1>\u015aw. Spirytu<\/h1>\n<h3>spo\u0142eczno-kulturalne centrum miasta Greifswald<\/h3>\n<p>Centrum spo\u0142eczno-kulturalne ze scen\u0105 koncertow\u0105 w zabytkowej kaplicy i scen\u0105 plenerow\u0105 na wewn\u0119trznym dziedzi\u0144cu oferuje nastrojow\u0105 platform\u0119 dla wielu <strong>wydarze\u0144.<\/strong> <strong>Spektrum obejmuje muzyk\u0119 na \u017cywo w r\u00f3\u017cnych gatunkach, lalkarstwo, teatr, kabaret, odczyty<\/strong> i inne wydarzenia na \u017cywo.<\/p>\n[\/et_pb_text][\/et_pb_column][et_pb_column type=&#8221;1_4&#8243; _builder_version=&#8221;4.17.4&#8243; _module_preset=&#8221;default&#8221; global_colors_info=&#8221;{}&#8221; theme_builder_area=&#8221;post_content&#8221;][et_pb_image src=&#8221;https:\/\/www.kulturzentrum.greifswald.de\/wp-content\/uploads\/2022\/04\/ticket-shop_st-spirtus.jpg&#8221; title_text=&#8221;bilet-sklep_st-spirtus&#8221; url=&#8221;https:\/\/ticketing07.cld.ondemand.com\/shop\/30&#8243; url_new_window=&#8221;on&#8221; _builder_version=&#8221;4.17.4&#8243; _module_preset=&#8221;default&#8221; width=&#8221;80%&#8221; global_colors_info=&#8221;{}&#8221; theme_builder_area=&#8221;post_content&#8221;][\/et_pb_image][\/et_pb_column][\/et_pb_row][et_pb_row _builder_version=&#8221;4.17.4&#8243; _module_preset=&#8221;default&#8221; global_colors_info=&#8221;{}&#8221; theme_builder_area=&#8221;post_content&#8221;][et_pb_column type=&#8221;4_4&#8243; _builder_version=&#8221;4.17.4&#8243; _module_preset=&#8221;default&#8221; global_colors_info=&#8221;{}&#8221; theme_builder_area=&#8221;post_content&#8221;][et_pb_text _builder_version=&#8221;4.17.4&#8243; _module_preset=&#8221;default&#8221; header_2_font=&#8221;Cormorant Garamond|700|||||||&#8221; header_2_text_color=&#8221;#245b72&#8243; header_2_font_size=&#8221;44px&#8221; hover_enabled=&#8221;0&#8243; global_colors_info=&#8221;{}&#8221; theme_builder_area=&#8221;post_content&#8221; sticky_enabled=&#8221;0&#8243;]\n<h2>Warsztaty<\/h2>\n<div\n\t class=\"tribe-common tribe-events tribe-events-view tribe-events-view--photo tribe-events-view--shortcode tribe-events-view--shortcode-b6439857 tribe-events-pro\" \tdata-js=\"tribe-events-view\"\n\tdata-view-rest-nonce=\"1c517e8672\"\n\tdata-view-rest-url=\"https:\/\/www.kulturzentrum.greifswald.de\/pl\/wp-json\/tribe\/views\/v2\/html\"\n\tdata-view-rest-method=\"POST\"\n\tdata-view-manage-url=\"\"\n\t\t\tdata-view-shortcode=\"b6439857\"\n\t\t\t\tdata-view-breakpoint-pointer=\"e00006de-514f-482f-b65b-850e7e8bbdf0\"\n\t>\n\t<div class=\"tribe-common-l-container tribe-events-l-container\">\n\t\t<div\n\tclass=\"tribe-events-view-loader tribe-common-a11y-hidden\"\n\trole=\"alert\"\n\taria-live=\"polite\"\n>\n\t<span class=\"tribe-events-view-loader__text tribe-common-a11y-visual-hide\">\n\t\tWczytaj widok.\t<\/span>\n\t<div class=\"tribe-events-view-loader__dots tribe-common-c-loader\">\n\t\t<svg  class=\"tribe-common-c-svgicon tribe-common-c-svgicon--dot tribe-common-c-loader__dot tribe-common-c-loader__dot--first\"  viewBox=\"0 0 15 15\" xmlns=\"http:\/\/www.w3.org\/2000\/svg\"><circle cx=\"7.5\" cy=\"7.5\" r=\"7.5\"\/><\/svg>\n\t\t<svg  class=\"tribe-common-c-svgicon tribe-common-c-svgicon--dot tribe-common-c-loader__dot tribe-common-c-loader__dot--second\"  viewBox=\"0 0 15 15\" xmlns=\"http:\/\/www.w3.org\/2000\/svg\"><circle cx=\"7.5\" cy=\"7.5\" r=\"7.5\"\/><\/svg>\n\t\t<svg  class=\"tribe-common-c-svgicon tribe-common-c-svgicon--dot tribe-common-c-loader__dot tribe-common-c-loader__dot--third\"  viewBox=\"0 0 15 15\" xmlns=\"http:\/\/www.w3.org\/2000\/svg\"><circle cx=\"7.5\" cy=\"7.5\" r=\"7.5\"\/><\/svg>\n\t<\/div>\n<\/div>\n\n\t\t\n\t\t<script data-js=\"tribe-events-view-data\" type=\"application\/json\">\n\t{\"slug\":\"photo\",\"prev_url\":\"\",\"next_url\":\"\",\"view_class\":\"Tribe\\\\Events\\\\Pro\\\\Views\\\\V2\\\\Views\\\\Photo_View\",\"view_slug\":\"photo\",\"view_label\":\"Photo\",\"title\":\"Wydarzenia | St.Spiritus\",\"events\":[],\"url\":\"https:\\\/\\\/www.kulturzentrum.greifswald.de\\\/pl\\\/wydarzenia\\\/foto\\\/?shortcode=b6439857\",\"url_event_date\":false,\"bar\":{\"keyword\":\"\",\"date\":\"\"},\"today\":\"2026-04-30 00:00:00\",\"now\":\"2026-04-30 15:56:46\",\"rest_url\":\"https:\\\/\\\/www.kulturzentrum.greifswald.de\\\/pl\\\/wp-json\\\/tribe\\\/views\\\/v2\\\/html\",\"rest_method\":\"POST\",\"rest_nonce\":\"1c517e8672\",\"should_manage_url\":false,\"today_url\":\"https:\\\/\\\/www.kulturzentrum.greifswald.de\\\/pl\\\/wydarzenia\\\/foto\\\/?rest_route=%2Fwp%2Fv2%2Fposts%2F17038&shortcode=b6439857\",\"today_title\":\"Kliknij, aby wybra\\u0107 dzisiejsz\\u0105 dat\\u0119\",\"today_label\":\"Dzisiaj\",\"prev_label\":\"\",\"next_label\":\"\",\"date_formats\":{\"compact\":\"Y-m-d\",\"month_and_year_compact\":\"Y-m\",\"month_and_year\":\"F Y\",\"time_range_separator\":\" - \",\"date_time_separator\":\" - \"},\"messages\":{\"notice\":[\"Brak nadchodz\\u0105cych wydarzenia.\"]},\"start_of_week\":\"1\",\"breadcrumbs\":[],\"before_events\":\"\",\"after_events\":\"\",\"display_events_bar\":true,\"disable_event_search\":true,\"live_refresh\":false,\"ical\":{\"display_link\":true,\"link\":{\"url\":\"https:\\\/\\\/www.kulturzentrum.greifswald.de\\\/pl\\\/wydarzenia\\\/foto\\\/?shortcode=b6439857&#038;ical=1\",\"text\":\"Eksportuj Wydarzenia\",\"title\":\"U\\u017cyj tego, aby udost\\u0119pni\\u0107 dane kalendarza z Google Calendar, Apple iCal i innych kompatybilnych aplikacji\"}},\"container_classes\":[\"tribe-common\",\"tribe-events\",\"tribe-events-view\",\"tribe-events-view--photo\",\"tribe-events-view--shortcode\",\"tribe-events-view--shortcode-b6439857\",\"tribe-events-pro\"],\"container_data\":{\"shortcode\":\"b6439857\"},\"is_past\":false,\"breakpoints\":{\"xsmall\":500,\"medium\":768,\"full\":960},\"breakpoint_pointer\":\"e00006de-514f-482f-b65b-850e7e8bbdf0\",\"is_initial_load\":false,\"public_views\":{\"list\":{\"view_class\":\"Tribe\\\\Events\\\\Views\\\\V2\\\\Views\\\\List_View\",\"view_url\":\"https:\\\/\\\/www.kulturzentrum.greifswald.de\\\/pl\\\/wydarzenia\\\/lista\\\/?shortcode=b6439857\",\"view_label\":\"List\"},\"month\":{\"view_class\":\"Tribe\\\\Events\\\\Views\\\\V2\\\\Views\\\\Month_View\",\"view_url\":\"https:\\\/\\\/www.kulturzentrum.greifswald.de\\\/pl\\\/wydarzenia\\\/(\\\/?:month|monat|miesic)\\\/&shortcode=b6439857\",\"view_label\":\"Month\"},\"day\":{\"view_class\":\"Tribe\\\\Events\\\\Views\\\\V2\\\\Views\\\\Day_View\",\"view_url\":\"https:\\\/\\\/www.kulturzentrum.greifswald.de\\\/pl\\\/wydarzenia\\\/dzisiaj\\\/?shortcode=b6439857\",\"view_label\":\"Day\"}},\"show_latest_past\":true,\"placeholder_url\":\"https:\\\/\\\/www.kulturzentrum.greifswald.de\\\/pl\\\/wp-content\\\/plugins\\\/events-calendar-pro\\\/src\\\/resources\\\/images\\\/tribe-event-placeholder-image.svg\",\"show_now\":true,\"now_label\":\"Teraz i p\\u00f3\\u017aniejsze\",\"now_label_mobile\":\"Teraz i p\\u00f3\\u017aniejsze\",\"show_end\":false,\"selected_start_datetime\":\"2026-04-30\",\"selected_start_date_mobile\":\"2026-04-30\",\"selected_start_date_label\":\"30.kwiecie\\u0144 2026\",\"selected_end_datetime\":\"2026-04-30\",\"selected_end_date_mobile\":\"2026-04-30\",\"selected_end_date_label\":\"Teraz\",\"datepicker_date\":\"2026-04-30\",\"subscribe_links\":{\"gcal\":{\"block_slug\":\"hasGoogleCalendar\",\"label\":\"Google Calendar\",\"single_label\":\"Add to Google Calendar\",\"visible\":true},\"ical\":{\"block_slug\":\"hasiCal\",\"label\":\"iCalendar\",\"single_label\":\"Add to iCalendar\",\"visible\":true},\"outlook-365\":{\"block_slug\":\"hasOutlook365\",\"label\":\"Outlook 365\",\"single_label\":\"Outlook 365\",\"visible\":true},\"outlook-live\":{\"block_slug\":\"hasOutlookLive\",\"label\":\"Outlook Live\",\"single_label\":\"Outlook Live\",\"visible\":true},\"ics\":{\"label\":\"Export .ics file\",\"single_label\":\"Export .ics file\",\"visible\":true,\"block_slug\":null},\"outlook-ics\":{\"label\":\"Export Outlook .ics file\",\"single_label\":\"Export Outlook .ics file\",\"visible\":true,\"block_slug\":null}},\"display_recurring_toggle\":false,\"_context\":{\"slug\":\"photo\",\"should_manage_url\":false},\"text\":\"Loading...\",\"classes\":[\"tribe-common-c-loader__dot\",\"tribe-common-c-loader__dot--third\"]}<\/script>\n\n\t\t\n\t\t<header  class=\"tribe-events-header\" >\n\t\t\t<div  class=\"tribe-events-header__messages tribe-events-c-messages tribe-common-b2 tribe-common-c-loader__dot tribe-common-c-loader__dot--third\"  >\n\t\t\t<div class=\"tribe-events-c-messages__message tribe-events-c-messages__message--notice\" role=\"alert\">\n\t\t\t<svg  class=\"tribe-common-c-svgicon tribe-common-c-svgicon--messages-not-found tribe-events-c-messages__message-icon-svg\"  viewBox=\"0 0 21 23\" xmlns=\"http:\/\/www.w3.org\/2000\/svg\"><g fill-rule=\"evenodd\"><path d=\"M.5 2.5h20v20H.5z\"\/><path stroke-linecap=\"round\" d=\"M7.583 11.583l5.834 5.834m0-5.834l-5.834 5.834\" class=\"tribe-common-c-svgicon__svg-stroke\"\/><path stroke-linecap=\"round\" d=\"M4.5.5v4m12-4v4\"\/><path stroke-linecap=\"square\" d=\"M.5 7.5h20\"\/><\/g><\/svg>\n\t\t\t<ul class=\"tribe-events-c-messages__message-list\">\n\t\t\t\t\t\t\t\t\t<li\n\t\t\t\t\t\tclass=\"tribe-events-c-messages__message-list-item\"\n\t\t\t\t\t\t data-key=\"0\" \t\t\t\t\t>\n\t\t\t\t\tBrak nadchodz\u0105cych wydarzenia.\t\t\t\t\t<\/li>\n\t\t\t\t\t\t\t<\/ul>\n\t\t<\/div>\n\t<\/div>\n\n\t\t\t\n\t\t\t<div\n\t class=\"tribe-events-header__events-bar tribe-events-c-events-bar\" \tdata-js=\"tribe-events-events-bar\"\n>\n\n\t<h2 class=\"tribe-common-a11y-visual-hide\">\n\t\tNawigacja Widok\u00f3w\t<\/h2>\n\n\t\n\t<div class=\"tribe-events-c-events-bar__views\">\n\t<h3 class=\"tribe-common-a11y-visual-hide\">\n\t\tWydarzenie Views Navigation\t<\/h3>\n\t<div  class=\"tribe-events-c-view-selector\"  data-js=\"tribe-events-view-selector\">\n\t\t<button\n\t\t\tclass=\"tribe-events-c-view-selector__button\"\n\t\t\tdata-js=\"tribe-events-view-selector-button\"\n\t\t>\n\t\t\t<span class=\"tribe-events-c-view-selector__button-icon\">\n\t\t\t\t<svg  class=\"tribe-common-c-svgicon tribe-common-c-svgicon--photo tribe-events-c-view-selector__button-icon-svg\"  viewBox=\"0 0 19 18\" xmlns=\"http:\/\/www.w3.org\/2000\/svg\"><path fill-rule=\"evenodd\" clip-rule=\"evenodd\" d=\"M17.536 0H.539a.484.484 0 00-.495.483v17.034c0 .27.218.483.495.483h16.997a.484.484 0 00.495-.483V.483A.484.484 0 0017.536 0zm-.515.986V13.73l-1.907-2.938c-.555-.58-1.584-.58-2.139 0l-1.327 1.41-3.841-4.31a1.548 1.548 0 00-1.169-.502c-.435 0-.871.193-1.148.522l-4.436 4.929V.986h15.967zM1.054 14.329v2.705h15.987v-1.835l-2.66-3.73c-.178-.175-.495-.175-.653 0l-1.703 1.816c-.1.097-.218.174-.377.155a.569.569 0 01-.376-.174L7.054 8.53a.577.577 0 00-.416-.174.504.504 0 00-.396.174l-5.188 5.798z\" class=\"tribe-common-c-svgicon__svg-fill\"\/><path fill-rule=\"evenodd\" clip-rule=\"evenodd\" d=\"M14.682 5.875c0 1.043-.825 1.875-1.82 1.875-.993 0-1.818-.832-1.818-1.875C11.044 4.83 11.85 4 12.863 4c1.012 0 1.819.831 1.819 1.875zm-.957 0c0-.483-.393-.89-.862-.89s-.863.407-.863.89c0 .483.394.889.863.889s.862-.406.862-.89z\" class=\"tribe-common-c-svgicon__svg-fill\"\/><\/svg>\n\t\t\t<\/span>\n\t\t\t<span class=\"tribe-events-c-view-selector__button-text tribe-common-a11y-visual-hide\">\n\t\t\t\tPhoto\t\t\t<\/span>\n\t\t\t<svg  class=\"tribe-common-c-svgicon tribe-common-c-svgicon--caret-down tribe-events-c-view-selector__button-icon-caret-svg\"  viewBox=\"0 0 10 7\" xmlns=\"http:\/\/www.w3.org\/2000\/svg\"><path fill-rule=\"evenodd\" clip-rule=\"evenodd\" d=\"M1.008.609L5 4.6 8.992.61l.958.958L5 6.517.05 1.566l.958-.958z\" class=\"tribe-common-c-svgicon__svg-fill\"\/><\/svg>\n\t\t<\/button>\n\t\t<div\n\tclass=\"tribe-events-c-view-selector__content\"\n\tid=\"tribe-events-view-selector-content\"\n\tdata-js=\"tribe-events-view-selector-list-container\"\n>\n\t<ul class=\"tribe-events-c-view-selector__list\">\n\t\t\t\t\t<li class=\"tribe-events-c-view-selector__list-item tribe-events-c-view-selector__list-item--list\">\n\t<a\n\t\thref=\"https:\/\/www.kulturzentrum.greifswald.de\/pl\/wydarzenia\/lista\/?shortcode=b6439857\"\n\t\tclass=\"tribe-events-c-view-selector__list-item-link\"\n\t\tdata-js=\"tribe-events-view-link\"\n\t>\n\t\t<span class=\"tribe-events-c-view-selector__list-item-icon\">\n\t\t\t<svg  class=\"tribe-common-c-svgicon tribe-common-c-svgicon--list tribe-events-c-view-selector__list-item-icon-svg\"  viewBox=\"0 0 19 19\" xmlns=\"http:\/\/www.w3.org\/2000\/svg\"><path fill-rule=\"evenodd\" clip-rule=\"evenodd\" d=\"M.451.432V17.6c0 .238.163.432.364.432H18.12c.2 0 .364-.194.364-.432V.432c0-.239-.163-.432-.364-.432H.815c-.2 0-.364.193-.364.432zm.993.81h16.024V3.56H1.444V1.24zM17.468 3.56H1.444v13.227h16.024V3.56z\" class=\"tribe-common-c-svgicon__svg-fill\"\/><g clip-path=\"url(#tribe-events-c-view-selector__list-item-icon-svg-0)\" class=\"tribe-common-c-svgicon__svg-fill\"><path fill-rule=\"evenodd\" clip-rule=\"evenodd\" d=\"M11.831 4.912v1.825c0 .504.409.913.913.913h1.825a.913.913 0 00.912-.913V4.912A.913.913 0 0014.57 4h-1.825a.912.912 0 00-.913.912z\"\/><path d=\"M8.028 7.66a.449.449 0 00.446-.448v-.364c0-.246-.2-.448-.446-.448h-4.13a.449.449 0 00-.447.448v.364c0 .246.201.448.447.448h4.13zM9.797 5.26a.449.449 0 00.447-.448v-.364c0-.246-.201-.448-.447-.448h-5.9a.449.449 0 00-.446.448v.364c0 .246.201.448.447.448h5.9z\"\/><\/g><g clip-path=\"url(#tribe-events-c-view-selector__list-item-icon-svg-1)\" class=\"tribe-common-c-svgicon__svg-fill\"><path fill-rule=\"evenodd\" clip-rule=\"evenodd\" d=\"M11.831 10.912v1.825c0 .505.409.913.913.913h1.825a.913.913 0 00.912-.912v-1.825A.913.913 0 0014.57 10h-1.825a.912.912 0 00-.913.912z\"\/><path d=\"M8.028 13.66a.449.449 0 00.446-.448v-.364c0-.246-.2-.448-.446-.448h-4.13a.449.449 0 00-.447.448v.364c0 .246.201.448.447.448h4.13zM9.797 11.26a.449.449 0 00.447-.448v-.364c0-.246-.201-.448-.447-.448h-5.9a.449.449 0 00-.446.448v.364c0 .246.201.448.447.448h5.9z\"\/><\/g><defs><clipPath id=\"tribe-events-c-view-selector__list-item-icon-svg-0\"><path transform=\"translate(3.451 4)\" d=\"M0 0h13v4H0z\"\/><\/clipPath><clipPath id=\"tribe-events-c-view-selector__list-item-icon-svg-1\"><path transform=\"translate(3.451 10)\" d=\"M0 0h13v4H0z\"\/><\/clipPath><\/defs><\/svg>\n\t\t<\/span>\n\t\t<span class=\"tribe-events-c-view-selector__list-item-text\">\n\t\t\tList\t\t<\/span>\n\t<\/a>\n<\/li>\n\t\t\t\t\t<li class=\"tribe-events-c-view-selector__list-item tribe-events-c-view-selector__list-item--month\">\n\t<a\n\t\thref=\"https:\/\/www.kulturzentrum.greifswald.de\/pl\/wydarzenia\/(\/?:month|monat|miesic)\/&#038;shortcode=b6439857\"\n\t\tclass=\"tribe-events-c-view-selector__list-item-link\"\n\t\tdata-js=\"tribe-events-view-link\"\n\t>\n\t\t<span class=\"tribe-events-c-view-selector__list-item-icon\">\n\t\t\t<svg  class=\"tribe-common-c-svgicon tribe-common-c-svgicon--month tribe-events-c-view-selector__list-item-icon-svg\"  viewBox=\"0 0 18 19\" xmlns=\"http:\/\/www.w3.org\/2000\/svg\"><path fill-rule=\"evenodd\" clip-rule=\"evenodd\" d=\"M0 .991v17.04c0 .236.162.428.361.428h17.175c.2 0 .361-.192.361-.429V.991c0-.237-.162-.428-.361-.428H.36C.161.563 0 .754 0 .99zm.985.803H16.89v2.301H.985v-2.3zM16.89 5.223H.985v12H16.89v-12zM6.31 7.366v.857c0 .237.192.429.429.429h.857a.429.429 0 00.428-.429v-.857a.429.429 0 00-.428-.429H6.74a.429.429 0 00-.429.429zm3.429.857v-.857c0-.237.191-.429.428-.429h.857c.237 0 .429.192.429.429v.857a.429.429 0 01-.429.429h-.857a.429.429 0 01-.428-.429zm3.428-.857v.857c0 .237.192.429.429.429h.857a.429.429 0 00.428-.429v-.857a.429.429 0 00-.428-.429h-.857a.429.429 0 00-.429.429zm-6.857 4.286v-.858c0-.236.192-.428.429-.428h.857c.236 0 .428.192.428.428v.858a.429.429 0 01-.428.428H6.74a.429.429 0 01-.429-.428zm3.429-.858v.858c0 .236.191.428.428.428h.857a.429.429 0 00.429-.428v-.858a.429.429 0 00-.429-.428h-.857a.428.428 0 00-.428.428zm3.428.858v-.858c0-.236.192-.428.429-.428h.857c.236 0 .428.192.428.428v.858a.429.429 0 01-.428.428h-.857a.429.429 0 01-.429-.428zm-10.286-.858v.858c0 .236.192.428.429.428h.857a.429.429 0 00.429-.428v-.858a.429.429 0 00-.429-.428h-.857a.429.429 0 00-.429.428zm0 4.286v-.857c0-.237.192-.429.429-.429h.857c.237 0 .429.192.429.429v.857a.429.429 0 01-.429.429h-.857a.429.429 0 01-.429-.429zm3.429-.857v.857c0 .237.192.429.429.429h.857a.429.429 0 00.428-.429v-.857a.429.429 0 00-.428-.429H6.74a.429.429 0 00-.429.429zm3.429.857v-.857c0-.237.191-.429.428-.429h.857c.237 0 .429.192.429.429v.857a.429.429 0 01-.429.429h-.857a.429.429 0 01-.428-.429z\" class=\"tribe-common-c-svgicon__svg-fill\"\/><\/svg>\t\t<\/span>\n\t\t<span class=\"tribe-events-c-view-selector__list-item-text\">\n\t\t\tMonth\t\t<\/span>\n\t<\/a>\n<\/li>\n\t\t\t\t\t<li class=\"tribe-events-c-view-selector__list-item tribe-events-c-view-selector__list-item--day\">\n\t<a\n\t\thref=\"https:\/\/www.kulturzentrum.greifswald.de\/pl\/wydarzenia\/dzisiaj\/?shortcode=b6439857\"\n\t\tclass=\"tribe-events-c-view-selector__list-item-link\"\n\t\tdata-js=\"tribe-events-view-link\"\n\t>\n\t\t<span class=\"tribe-events-c-view-selector__list-item-icon\">\n\t\t\t<svg  class=\"tribe-common-c-svgicon tribe-common-c-svgicon--day tribe-events-c-view-selector__list-item-icon-svg\"  viewBox=\"0 0 19 18\" xmlns=\"http:\/\/www.w3.org\/2000\/svg\"><path fill-rule=\"evenodd\" clip-rule=\"evenodd\" d=\"M.363 17.569V.43C.363.193.526 0 .726 0H18c.201 0 .364.193.364.431V17.57c0 .238-.163.431-.364.431H.726c-.2 0-.363-.193-.363-.431zm16.985-16.33H1.354v2.314h15.994V1.24zM1.354 4.688h15.994v12.07H1.354V4.687zm11.164 9.265v-1.498c0-.413.335-.748.748-.748h1.498c.413 0 .748.335.748.748v1.498a.749.749 0 01-.748.748h-1.498a.749.749 0 01-.748-.748z\" class=\"tribe-common-c-svgicon__svg-fill\"\/><\/svg>\t\t<\/span>\n\t\t<span class=\"tribe-events-c-view-selector__list-item-text\">\n\t\t\tDay\t\t<\/span>\n\t<\/a>\n<\/li>\n\t\t\t<\/ul>\n<\/div>\n\t<\/div>\n<\/div>\n\n<\/div>\n\n\t\t\t<div class=\"tribe-events-c-top-bar tribe-events-header__top-bar\">\n\n\t<nav class=\"tribe-events-c-top-bar__nav tribe-common-a11y-hidden\">\n\t<ul class=\"tribe-events-c-top-bar__nav-list\">\n\t\t<li class=\"tribe-events-c-top-bar__nav-list-item\">\n\t<button\n\t\tclass=\"tribe-common-c-btn-icon tribe-common-c-btn-icon--caret-left tribe-events-c-top-bar__nav-link tribe-events-c-top-bar__nav-link--prev\"\n\t\taria-label=\"Previous Wydarzenia\"\n\t\ttitle=\"Previous Wydarzenia\"\n\t\tdisabled\n\t>\n\t\t<svg  class=\"tribe-common-c-svgicon tribe-common-c-svgicon--caret-left tribe-common-c-btn-icon__icon-svg tribe-events-c-top-bar__nav-link-icon-svg\"  xmlns=\"http:\/\/www.w3.org\/2000\/svg\" viewBox=\"0 0 10 16\"><path d=\"M9.7 14.4l-1.5 1.5L.3 8 8.2.1l1.5 1.5L3.3 8l6.4 6.4z\"\/><\/svg>\n\t<\/button>\n<\/li>\n\n\t\t<li class=\"tribe-events-c-top-bar__nav-list-item\">\n\t<button\n\t\tclass=\"tribe-common-c-btn-icon tribe-common-c-btn-icon--caret-right tribe-events-c-top-bar__nav-link tribe-events-c-top-bar__nav-link--next\"\n\t\taria-label=\"Next Wydarzenia\"\n\t\ttitle=\"Next Wydarzenia\"\n\t\tdisabled\n\t>\n\t\t<svg  class=\"tribe-common-c-svgicon tribe-common-c-svgicon--caret-right tribe-common-c-btn-icon__icon-svg tribe-events-c-top-bar__nav-link-icon-svg\"  xmlns=\"http:\/\/www.w3.org\/2000\/svg\" viewBox=\"0 0 10 16\"><path d=\"M.3 1.6L1.8.1 9.7 8l-7.9 7.9-1.5-1.5L6.7 8 .3 1.6z\"\/><\/svg>\n\t<\/button>\n<\/li>\n\t<\/ul>\n<\/nav>\n\n\t<a\n\thref=\"https:\/\/www.kulturzentrum.greifswald.de\/pl\/wydarzenia\/foto\/?rest_route=%2Fwp%2Fv2%2Fposts%2F17038&#038;shortcode=b6439857\"\n\tclass=\"tribe-common-c-btn-border-small tribe-events-c-top-bar__today-button tribe-common-a11y-hidden\"\n\tdata-js=\"tribe-events-view-link\"\n\taria-label=\"Kliknij, aby wybra\u0107 dzisiejsz\u0105 dat\u0119\"\n\ttitle=\"Kliknij, aby wybra\u0107 dzisiejsz\u0105 dat\u0119\"\n>\n\tDzisiaj<\/a>\n\n\t<div class=\"tribe-events-c-top-bar__datepicker\">\n\t<button\n\t\tclass=\"tribe-common-h3 tribe-common-h--alt tribe-events-c-top-bar__datepicker-button\"\n\t\tdata-js=\"tribe-events-top-bar-datepicker-button\"\n\t\ttype=\"button\"\n\t\taria-label=\"Click to toggle datepicker\"\n\t\ttitle=\"Click to toggle datepicker\"\n\t>\n\t\t<time\n\t\t\tdatetime=\"2026-04-30\"\n\t\t\tclass=\"tribe-events-c-top-bar__datepicker-time\"\n\t\t>\n\t\t\t\t\t\t\t<span class=\"tribe-events-c-top-bar__datepicker-mobile\">\n\t\t\t\t\tTeraz i p\u00f3\u017aniejsze\t\t\t\t<\/span>\n\t\t\t\t<span class=\"tribe-events-c-top-bar__datepicker-desktop tribe-common-a11y-hidden\">\n\t\t\t\t\tTeraz i p\u00f3\u017aniejsze\t\t\t\t<\/span>\n\t\t\t\t\t<\/time>\n\t\t\t\t<svg  class=\"tribe-common-c-svgicon tribe-common-c-svgicon--caret-down tribe-events-c-top-bar__datepicker-button-icon-svg\"  viewBox=\"0 0 10 7\" xmlns=\"http:\/\/www.w3.org\/2000\/svg\"><path fill-rule=\"evenodd\" clip-rule=\"evenodd\" d=\"M1.008.609L5 4.6 8.992.61l.958.958L5 6.517.05 1.566l.958-.958z\" class=\"tribe-common-c-svgicon__svg-fill\"\/><\/svg>\n\t<\/button>\n\t<label\n\t\tclass=\"tribe-events-c-top-bar__datepicker-label tribe-common-a11y-visual-hide\"\n\t\tfor=\"tribe-events-top-bar-date\"\n\t>\n\t\tSelect date.\t<\/label>\n\t<input\n\t\ttype=\"text\"\n\t\tclass=\"tribe-events-c-top-bar__datepicker-input tribe-common-a11y-visual-hide\"\n\t\tdata-js=\"tribe-events-top-bar-date\"\n\t\tid=\"tribe-events-top-bar-date\"\n\t\tname=\"tribe-events-views[tribe-bar-date]\"\n\t\tvalue=\"2026-04-30\"\n\t\ttabindex=\"-1\"\n\t\tautocomplete=\"off\"\n\t\treadonly=\"readonly\"\n\t\/>\n\t<div class=\"tribe-events-c-top-bar__datepicker-container\" data-js=\"tribe-events-top-bar-datepicker-container\"><\/div>\n\t<template class=\"tribe-events-c-top-bar__datepicker-template-prev-icon\">\n\t\t<svg  class=\"tribe-common-c-svgicon tribe-common-c-svgicon--caret-left tribe-events-c-top-bar__datepicker-nav-icon-svg\"  xmlns=\"http:\/\/www.w3.org\/2000\/svg\" viewBox=\"0 0 10 16\"><path d=\"M9.7 14.4l-1.5 1.5L.3 8 8.2.1l1.5 1.5L3.3 8l6.4 6.4z\"\/><\/svg>\n\t<\/template>\n\t<template class=\"tribe-events-c-top-bar__datepicker-template-next-icon\">\n\t\t<svg  class=\"tribe-common-c-svgicon tribe-common-c-svgicon--caret-right tribe-events-c-top-bar__datepicker-nav-icon-svg\"  xmlns=\"http:\/\/www.w3.org\/2000\/svg\" viewBox=\"0 0 10 16\"><path d=\"M.3 1.6L1.8.1 9.7 8l-7.9 7.9-1.5-1.5L6.7 8 .3 1.6z\"\/><\/svg>\n\t<\/template>\n<\/div>\n\n\t<div class=\"tribe-events-c-top-bar__actions tribe-common-a11y-hidden\">\n\t<\/div>\n\n<\/div>\n\t\t<\/header>\n\n\t\t\n\t\t<div class=\"tribe-events-pro-photo\">\n\n\t\t\t<div class=\"tribe-common-g-row tribe-common-g-row--gutters\">\n\n\t\t\t\t\n\t\t\t<\/div>\n\n\t\t<\/div>\n\n\t\t<nav class=\"tribe-events-pro-photo-nav tribe-events-c-nav\">\n\t<ul class=\"tribe-events-c-nav__list\">\n\t\t<li class=\"tribe-events-c-nav__list-item tribe-events-c-nav__list-item--prev\">\n\t<button\n\t\tclass=\"tribe-events-c-nav__prev tribe-common-b2 tribe-common-b1--min-medium\"\n\t\taria-label=\"Previous Wydarzenia\"\n\t\ttitle=\"Previous Wydarzenia\"\n\t\tdisabled\n\t>\n\t\t<svg  class=\"tribe-common-c-svgicon tribe-common-c-svgicon--caret-left tribe-events-c-nav__prev-icon-svg\"  xmlns=\"http:\/\/www.w3.org\/2000\/svg\" viewBox=\"0 0 10 16\"><path d=\"M9.7 14.4l-1.5 1.5L.3 8 8.2.1l1.5 1.5L3.3 8l6.4 6.4z\"\/><\/svg>\n\t\t<span class=\"tribe-events-c-nav__prev-label\">\n\t\t\tPrevious <span class=\"tribe-events-c-nav__prev-label-plural tribe-common-a11y-visual-hide\">Wydarzenia<\/span>\t\t<\/span>\n\t<\/button>\n<\/li>\n\n\t\t<li class=\"tribe-events-c-nav__list-item tribe-events-c-nav__list-item--today\">\n\t<a\n\t\thref=\"https:\/\/www.kulturzentrum.greifswald.de\/pl\/wydarzenia\/foto\/?rest_route=%2Fwp%2Fv2%2Fposts%2F17038&#038;shortcode=b6439857\"\n\t\tclass=\"tribe-events-c-nav__today tribe-common-b2\"\n\t\tdata-js=\"tribe-events-view-link\"\n\t\taria-label=\"Kliknij, aby wybra\u0107 dzisiejsz\u0105 dat\u0119\"\n\t\ttitle=\"Kliknij, aby wybra\u0107 dzisiejsz\u0105 dat\u0119\"\n\t>\n\t\tDzisiaj\t<\/a>\n<\/li>\n\n\t\t<li class=\"tribe-events-c-nav__list-item tribe-events-c-nav__list-item--next\">\n\t<button\n\t\tclass=\"tribe-events-c-nav__next tribe-common-b2 tribe-common-b1--min-medium\"\n\t\taria-label=\"Next Wydarzenia\"\n\t\ttitle=\"Next Wydarzenia\"\n\t\tdisabled\n\t>\n\t\t<span class=\"tribe-events-c-nav__next-label\">\n\t\t\tNext <span class=\"tribe-events-c-nav__next-label-plural tribe-common-a11y-visual-hide\">Wydarzenia<\/span>\t\t<\/span>\n\t\t<svg  class=\"tribe-common-c-svgicon tribe-common-c-svgicon--caret-right tribe-events-c-nav__next-icon-svg\"  xmlns=\"http:\/\/www.w3.org\/2000\/svg\" viewBox=\"0 0 10 16\"><path d=\"M.3 1.6L1.8.1 9.7 8l-7.9 7.9-1.5-1.5L6.7 8 .3 1.6z\"\/><\/svg>\n\t<\/button>\n<\/li>\n\t<\/ul>\n<\/nav>\n\n\t\t<div class=\"tribe-events-c-subscribe-dropdown__container\">\n\t<div class=\"tribe-events-c-subscribe-dropdown\">\n\t\t<div class=\"tribe-common-c-btn-border tribe-events-c-subscribe-dropdown__button\" tabindex=\"0\">\n\t\t\t<button class=\"tribe-events-c-subscribe-dropdown__button-text\">\n\t\t\t\tZasubskrybuj kalendarz\t\t\t<\/button>\n\t\t\t<svg  class=\"tribe-common-c-svgicon tribe-common-c-svgicon--caret-down tribe-events-c-subscribe-dropdown__button-icon\"  viewBox=\"0 0 10 7\" xmlns=\"http:\/\/www.w3.org\/2000\/svg\"><path fill-rule=\"evenodd\" clip-rule=\"evenodd\" d=\"M1.008.609L5 4.6 8.992.61l.958.958L5 6.517.05 1.566l.958-.958z\" class=\"tribe-common-c-svgicon__svg-fill\"\/><\/svg>\n\t\t<\/div>\n\t\t<div class=\"tribe-events-c-subscribe-dropdown__content\">\n\t\t\t<ul class=\"tribe-events-c-subscribe-dropdown__list\" tabindex=\"0\">\n\t\t\t\t\t\t\t\t\t\n<li class=\"tribe-events-c-subscribe-dropdown__list-item\">\n\t<a\n\t\thref=\"https:\/\/www.google.com\/calendar\/render?cid=webcal%3A%2F%2Fwww.kulturzentrum.greifswald.de%2Fpl%2F%3Fpost_type%3Dtribe_events%26tribe-bar-date%3D2026-04-30%26ical%3D1%26eventDisplay%3Dlist\"\n\t\tclass=\"tribe-events-c-subscribe-dropdown__list-item-link\"\n\t\ttabindex=\"0\"\n\t\ttarget=\"_blank\"\n\t\trel=\"noopener noreferrer nofollow noindex\"\n\t>\n\t\tGoogle Calendar\t<\/a>\n<\/li>\n\t\t\t\t\t\t\t\t\t\n<li class=\"tribe-events-c-subscribe-dropdown__list-item\">\n\t<a\n\t\thref=\"webcal:\/\/www.kulturzentrum.greifswald.de\/pl\/?post_type=tribe_events&#038;tribe-bar-date=2026-04-30&#038;ical=1&#038;eventDisplay=list\"\n\t\tclass=\"tribe-events-c-subscribe-dropdown__list-item-link\"\n\t\ttabindex=\"0\"\n\t\ttarget=\"_blank\"\n\t\trel=\"noopener noreferrer nofollow noindex\"\n\t>\n\t\tiCalendar\t<\/a>\n<\/li>\n\t\t\t\t\t\t\t\t\t\n<li class=\"tribe-events-c-subscribe-dropdown__list-item\">\n\t<a\n\t\thref=\"https:\/\/outlook.office.com\/owa?path=%2Fcalendar%2Faction%2Fcompose&#038;rru=addsubscription&#038;url=webcal%253A%252F%252Fwww.kulturzentrum.greifswald.de%252Fpl%252F%253Fpost_type%253Dtribe_events%2526tribe-bar-date%253D2026-04-30%2526eventDisplay%253Dlist%26ical%3D1&#038;name=St.Spiritus+Wydarzenia+%7C+St.Spiritus\"\n\t\tclass=\"tribe-events-c-subscribe-dropdown__list-item-link\"\n\t\ttabindex=\"0\"\n\t\ttarget=\"_blank\"\n\t\trel=\"noopener noreferrer nofollow noindex\"\n\t>\n\t\tOutlook 365\t<\/a>\n<\/li>\n\t\t\t\t\t\t\t\t\t\n<li class=\"tribe-events-c-subscribe-dropdown__list-item\">\n\t<a\n\t\thref=\"https:\/\/outlook.live.com\/owa?path=%2Fcalendar%2Faction%2Fcompose&#038;rru=addsubscription&#038;url=webcal%253A%252F%252Fwww.kulturzentrum.greifswald.de%252Fpl%252F%253Fpost_type%253Dtribe_events%2526tribe-bar-date%253D2026-04-30%2526eventDisplay%253Dlist%26ical%3D1&#038;name=St.Spiritus+Wydarzenia+%7C+St.Spiritus\"\n\t\tclass=\"tribe-events-c-subscribe-dropdown__list-item-link\"\n\t\ttabindex=\"0\"\n\t\ttarget=\"_blank\"\n\t\trel=\"noopener noreferrer nofollow noindex\"\n\t>\n\t\tOutlook Live\t<\/a>\n<\/li>\n\t\t\t\t\t\t\t\t\t\n<li class=\"tribe-events-c-subscribe-dropdown__list-item\">\n\t<a\n\t\thref=\"https:\/\/www.kulturzentrum.greifswald.de\/pl\/wydarzenia\/foto\/?shortcode=b6439857&#038;ical=1\"\n\t\tclass=\"tribe-events-c-subscribe-dropdown__list-item-link\"\n\t\ttabindex=\"0\"\n\t\ttarget=\"_blank\"\n\t\trel=\"noopener noreferrer nofollow noindex\"\n\t>\n\t\tExport .ics file\t<\/a>\n<\/li>\n\t\t\t\t\t\t\t\t\t\n<li class=\"tribe-events-c-subscribe-dropdown__list-item\">\n\t<a\n\t\thref=\"https:\/\/www.kulturzentrum.greifswald.de\/pl\/wydarzenia\/foto\/?shortcode=b6439857&#038;outlook-ical=1#038;ical=1\"\n\t\tclass=\"tribe-events-c-subscribe-dropdown__list-item-link\"\n\t\ttabindex=\"0\"\n\t\ttarget=\"_blank\"\n\t\trel=\"noopener noreferrer nofollow noindex\"\n\t>\n\t\tExport Outlook .ics file\t<\/a>\n<\/li>\n\t\t\t\t\t\t\t<\/ul>\n\t\t<\/div>\n\t<\/div>\n<\/div>\n\n\t\t\t<\/div>\n<\/div>\n\n\n[\/et_pb_text][et_pb_divider _builder_version=&#8221;4.17.4&#8243; _module_preset=&#8221;default&#8221; global_colors_info=&#8221;{}&#8221; theme_builder_area=&#8221;post_content&#8221;][\/et_pb_divider][et_pb_text _builder_version=&#8221;4.17.4&#8243; _module_preset=&#8221;default&#8221; header_2_font=&#8221;Cormorant Garamond|700|||||||&#8221; header_2_text_color=&#8221;#245b72&#8243; header_2_font_size=&#8221;40px&#8221; global_colors_info=&#8221;{}&#8221; theme_builder_area=&#8221;post_content&#8221;]\n<h2>Aktualno\u015bci, wystawy i kursy<\/h2>\n[\/et_pb_text][et_pb_blog fullwidth=&#8221;off&#8221; posts_number=&#8221;6&#8243; include_categories=&#8221;all&#8221; show_author=&#8221;off&#8221; _builder_version=&#8221;4.17.4&#8243; _module_preset=&#8221;default&#8221; header_font=&#8221;Cormorant Garamond|700|||||||&#8221; header_font_size=&#8221;30px&#8221; border_radii=&#8221;on|10px|10px|10px|10px&#8221; border_radii_image=&#8221;off||||&#8221; global_colors_info=&#8221;{}&#8221; theme_builder_area=&#8221;post_content&#8221;][\/et_pb_blog][\/et_pb_column][\/et_pb_row][\/et_pb_section]\n","protected":false},"excerpt":{"rendered":"<p>\u015aw. Spirytu spo\u0142eczno-kulturalne centrum miasta Greifswald Centrum spo\u0142eczno-kulturalne ze scen\u0105 koncertow\u0105 w zabytkowej kaplicy i scen\u0105 plenerow\u0105 na wewn\u0119trznym dziedzi\u0144cu oferuje nastrojow\u0105 platform\u0119 dla wielu wydarze\u0144. Spektrum obejmuje muzyk\u0119 na [&hellip;]<\/p>\n","protected":false},"author":7,"featured_media":0,"comment_status":"closed","ping_status":"closed","sticky":false,"template":"","format":"standard","meta":{"_et_pb_use_builder":"on","_et_pb_old_content":"","_et_gb_content_width":""},"categories":[],"tags":[],"acf":[],"_links":{"self":[{"href":"https:\/\/www.kulturzentrum.greifswald.de\/pl\/wp-json\/wp\/v2\/posts\/17038"}],"collection":[{"href":"https:\/\/www.kulturzentrum.greifswald.de\/pl\/wp-json\/wp\/v2\/posts"}],"about":[{"href":"https:\/\/www.kulturzentrum.greifswald.de\/pl\/wp-json\/wp\/v2\/types\/post"}],"author":[{"embeddable":true,"href":"https:\/\/www.kulturzentrum.greifswald.de\/pl\/wp-json\/wp\/v2\/users\/7"}],"replies":[{"embeddable":true,"href":"https:\/\/www.kulturzentrum.greifswald.de\/pl\/wp-json\/wp\/v2\/comments?post=17038"}],"version-history":[{"count":0,"href":"https:\/\/www.kulturzentrum.greifswald.de\/pl\/wp-json\/wp\/v2\/posts\/17038\/revisions"}],"wp:attachment":[{"href":"https:\/\/www.kulturzentrum.greifswald.de\/pl\/wp-json\/wp\/v2\/media?parent=17038"}],"wp:term":[{"taxonomy":"category","embeddable":true,"href":"https:\/\/www.kulturzentrum.greifswald.de\/pl\/wp-json\/wp\/v2\/categories?post=17038"},{"taxonomy":"post_tag","embeddable":true,"href":"https:\/\/www.kulturzentrum.greifswald.de\/pl\/wp-json\/wp\/v2\/tags?post=17038"}],"curies":[{"name":"wp","href":"https:\/\/api.w.org\/{rel}","templated":true}]}}