{"id":17035,"date":"2022-07-03T19:20:56","date_gmt":"2022-07-03T17:20:56","guid":{"rendered":"https:\/\/www.kulturzentrum.greifswald.de\/1-festiwal-w-gore-platt\/"},"modified":"2022-07-03T19:20:58","modified_gmt":"2022-07-03T17:20:58","slug":"1-festiwal-w-gore-platt","status":"publish","type":"post","link":"https:\/\/www.kulturzentrum.greifswald.de\/pl\/1-festiwal-w-gore-platt\/","title":{"rendered":"1. Festiwal w g\u00f3r\u0119 Platt"},"content":{"rendered":"[et_pb_section fb_built=&#8221;1&#8243; _builder_version=&#8221;4.17.4&#8243; _module_preset=&#8221;default&#8221; global_colors_info=&#8221;{}&#8221;][et_pb_row column_structure=&#8221;1_4,3_4&#8243; _builder_version=&#8221;4.17.4&#8243; _module_preset=&#8221;default&#8221; global_colors_info=&#8221;{}&#8221;][et_pb_column type=&#8221;1_4&#8243; _builder_version=&#8221;4.17.4&#8243; _module_preset=&#8221;default&#8221; global_colors_info=&#8221;{}&#8221;][et_pb_image src=&#8221;https:\/\/www.kulturzentrum.greifswald.de\/wp-content\/uploads\/2022\/07\/Plattdeutsches-Festival-2021.jpg&#8221; title_text=&#8221;Low German Festival-2021&#8243; _builder_version=&#8221;4.17.4&#8243; _module_preset=&#8221;default&#8221; global_colors_info=&#8221;{}&#8221;][\/et_pb_image][et_pb_image src=&#8221;https:\/\/www.kulturzentrum.greifswald.de\/wp-content\/uploads\/2022\/07\/Plattdeutsch_Layout_cindy_schmid-1.jpg&#8221; title_text=&#8221;Niski German_Layout_cindy_schmid&#8221; _builder_version=&#8221;4.17.4&#8243; _module_preset=&#8221;default&#8221; global_colors_info=&#8221;{}&#8221;][\/et_pb_image][\/et_pb_column][et_pb_column type=&#8221;3_4&#8243; _builder_version=&#8221;4.17.4&#8243; _module_preset=&#8221;default&#8221; global_colors_info=&#8221;{}&#8221;][et_pb_text _builder_version=&#8221;4.17.4&#8243; _module_preset=&#8221;default&#8221; header_font=&#8221;Cormorant Garamond|700|||||||&#8221; hover_enabled=&#8221;0&#8243; global_colors_info=&#8221;{}&#8221; header_font_size=&#8221;50px&#8221; sticky_enabled=&#8221;0&#8243;]\n<h1><strong>1. Festiwal w g\u00f3r\u0119 Platt<\/strong><\/h1>\n<p><strong>1-6 czerwca 2021 r.<\/strong><\/p>\n<p>J\u0119zyk Plattdeutsch staje si\u0119 coraz bardziej popularny, nawet w\u015br\u00f3d m\u0142odszych os\u00f3b, a wielu aktor\u00f3w w naszym kraju pr\u00f3buje go &#8222;odkurzy\u0107&#8221; w \u015bwie\u017cy i nowoczesny spos\u00f3b. Zwi\u0105zek Heimatverband og\u0142osi\u0142 Plattdeutsche Woche (Tydzie\u0144 Ni\u017cu Niemieckiego), aby skupi\u0107 si\u0119 na tym temacie i wezwa\u0142 ludzi do nadsy\u0142ania swoich ulubionych nisko-niemieckich s\u0142\u00f3w. St.Spiritus umieszcza ulubione przem\u00f3wienie na plakatach na s\u0142upach og\u0142oszeniowych miasta w cudownym projekcie Cindy Schmid.Wydrukowane zosta\u0142y r\u00f3wnie\u017c poczt\u00f3wki, kt\u00f3re mo\u017cna zabra\u0107 do St.Spiritus. Podczas Tygodnia Ni\u017cu Niemieckiego odb\u0119d\u0105 si\u0119 r\u00f3\u017cne wydarzenia, jednym z nich powinien by\u0107 <strong>1. Festival up platt<\/strong> w St.Spiritus. W programie przewidziano Nisko niemiecki teatr dzieci\u0119cy dla najm\u0142odszych, kt\u00f3ry mo\u017ce odbywa\u0107 si\u0119 w plac\u00f3wkach dla sta\u0142ych grup szkolnych i \u015bwietlicowych. Koncert, komedia, teatr nie mog\u0105 odbywa\u0107 si\u0119 na \u017cywo na scenie. Na \u017cywo jednak mo\u017cemy mie\u0107 Kl\u00f6ntid i obejrze\u0107 wspania\u0142\u0105 wystaw\u0119 w korytarzach St.Spiritus. Pomy\u015blano tak\u017ce o alternatywach cyfrowych: program niskoniemiecki z Larsem Engelbrechtem &#8222;Dor b\u00fcst du platt&#8221; oraz czytanie niedawno wydanej ksi\u0105\u017cki &#8222;Hein Hannemann&#8221; z Ulrike Stern zostan\u0105 opublikowane jako filmy na kana\u0142ach St. Spiritus. Ksi\u0105\u017cka jest wysokoniemieck\u0105 klasyk\u0105 dla dzieci, kt\u00f3ra zosta\u0142a przet\u0142umaczona w inteligencji rojowej przez wielu Plattschnacker\u00f3w w ca\u0142ym kraju na zasadzie wolontariatu i zbindowana przez Ulrike Stern. Ponadto b\u0119dzie wystawa &#8222;Lovely and lurid things in Platt&#8221; ze zdj\u0119ciami Christine Meyer &#8211; eksponowana od poniedzia\u0142ku do soboty w holu St.Spiritus. Pozosta\u0142e r\u00f3\u017cnorodne pozycje programowe z nisko-niemieckim popem, nisko-niemieck\u0105 komedi\u0105 itp. zostan\u0105 nadrobione w przysz\u0142ym roku. Festiwal nie powinien pozosta\u0107 b\u0142yskiem w oku, ale powinien odby\u0107 si\u0119 tak\u017ce w przysz\u0142ym roku, bo organizatorzy maj\u0105 jeszcze wiele pomys\u0142\u00f3w na nowe Plattd\u00fc\u00fctsche nie do przej\u015bcia.<\/p>\n<p>No to jedziemy!<\/p>\n<p><em>Organizatorem &#8222;Festival up platt&#8221; jest Centrum Spo\u0142eczno-Kulturalne St.Spiritus Greifswald we wsp\u00f3\u0142pracy z Landesverband Freier Theater MV, Centrum Kompetencji Dydaktyki Ni\u017cu Niemieckiego przy Uniwersytecie w Greifswaldzie oraz Heimatverband MV. Radio98eins umieszcza temat w programie radiowym i wspiera oferty streamingowe.<\/em><\/p>\n[\/et_pb_text][\/et_pb_column][\/et_pb_row][et_pb_row _builder_version=&#8221;4.17.4&#8243; _module_preset=&#8221;default&#8221; global_colors_info=&#8221;{}&#8221;][et_pb_column type=&#8221;4_4&#8243; _builder_version=&#8221;4.17.4&#8243; _module_preset=&#8221;default&#8221; global_colors_info=&#8221;{}&#8221;][et_pb_divider _builder_version=&#8221;4.17.4&#8243; _module_preset=&#8221;default&#8221; global_colors_info=&#8221;{}&#8221;][\/et_pb_divider][\/et_pb_column][\/et_pb_row][et_pb_row column_structure=&#8221;1_3,1_3,1_3&#8243; _builder_version=&#8221;4.17.4&#8243; _module_preset=&#8221;default&#8221; global_colors_info=&#8221;{}&#8221;][et_pb_column type=&#8221;1_3&#8243; _builder_version=&#8221;4.17.4&#8243; _module_preset=&#8221;default&#8221; global_colors_info=&#8221;{}&#8221;][et_pb_video src=&#8221;https:\/\/youtu.be\/x5JtmdZ19N0&#8243; _builder_version=&#8221;4.17.4&#8243; _module_preset=&#8221;default&#8221; global_colors_info=&#8221;{}&#8221;][\/et_pb_video][et_pb_text _builder_version=&#8221;4.17.4&#8243; _module_preset=&#8221;default&#8221; global_colors_info=&#8221;{}&#8221;]\n<p><strong>Dor b\u00fcst du platt&#8221; <\/strong>Nisko-niemiecko-wysoko-niemiecki program partycypacyjny z Larsem Engelbrechtem (10 + f\u00f6r Schoolkinner)<\/p>\n<p>\u015awi\u0119towanie P\u00f3\u0142nocy &#8211; z pie\u015bniami GENIALNO-REGIONALNYMI w j\u0119zyku wysoko- i nisko-niemieckim. ENGELBRECHT og\u0142asza w imieniu Uniwersytetu w Greifswaldzie lekcje j\u0119zyka nisko-niemieckiego w szko\u0142ach. Mo\u017cna \u015bpiewa\u0107 i ta\u0144czy\u0107 razem z has\u0142em &#8222;Schuggel dienen Noors!<\/p>\n[\/et_pb_text][\/et_pb_column][et_pb_column type=&#8221;1_3&#8243; _builder_version=&#8221;4.17.4&#8243; _module_preset=&#8221;default&#8221; global_colors_info=&#8221;{}&#8221;][et_pb_video src=&#8221;https:\/\/youtu.be\/aYS5BrcMmt8&#8243; _builder_version=&#8221;4.17.4&#8243; _module_preset=&#8221;default&#8221; global_colors_info=&#8221;{}&#8221;][\/et_pb_video][et_pb_text _builder_version=&#8221;4.17.4&#8243; _module_preset=&#8221;default&#8221; global_colors_info=&#8221;{}&#8221;]\n<p><strong>&#8222;Hein Hannemann- L\u00e4uschen von der W\u00e5terkant&#8221; &#8211; klasyk na nowo przet\u0142umaczony na j\u0119zyk niskoniemiecki  <\/strong><\/p>\n<p>Hein Hannemann ma pi\u0119\u0107 lat, jego pies R\u00fcpel troch\u0119 m\u0142odszy i razem sprawiaj\u0105, \u017ce Rostock, Warnem\u00fcnde i okolice nie s\u0105 bezpieczne. Autorka Sophie Kloerss opisa\u0142a swoje przygody na 293 stronach i w j\u0119zyku wysokoniemieckim. Nisko-niemieckie t\u0142umaczenie ksi\u0105\u017cki zosta\u0142o zrealizowane przy pomocy inteligencji rojowej &#8211; na zasadzie wolontariatu jako projekt dla Heimatverband Mecklenburg-Vorpommern.<\/p>\n<p>Filmowe czytanie z Ulrike Stern i Stefanem Hillerem<\/p>\n<p>Koncepcja: Ulrike Stern (Uniwersytet w Greifswaldzie)<\/p>\n<p>Ilustracja: Ole J.Roth i Karl M\u00fchlmeister<\/p>\n<p>Film: Moritz Seipke<\/p>\n[\/et_pb_text][\/et_pb_column][et_pb_column type=&#8221;1_3&#8243; _builder_version=&#8221;4.17.4&#8243; _module_preset=&#8221;default&#8221; global_colors_info=&#8221;{}&#8221;][et_pb_text _builder_version=&#8221;4.17.4&#8243; _module_preset=&#8221;default&#8221; header_2_font=&#8221;Cormorant Garamond|700|||||||&#8221; global_colors_info=&#8221;{}&#8221;]\n<h2>PROGRAM<\/h2>\n<p><strong>  1.6. godzina 10<\/strong>  Buer Enno un sin Koh Afrika &#8211; een Poppensp\u00e4l f\u00f6r Schoolkinner with the Tandera Theatre<\/p>\n<p><strong>2.6. 17:00<\/strong>  Obiekt Plattkring Greifswald zaprasza na nocleg w miejscowo\u015bci Plattschnacken. Rejestracja pod numerem: 03834\/8536444<\/p>\n<p><strong>3.6. godzina 10<\/strong>  Kasper k\u00f6pt en Huus &#8211; Poppensp\u00e4l dla dzieci z Kinnergaarn z Teatrem Lalek Schlott<\/p>\n<p><strong>4.6. godzina 10<\/strong>  &#8211; Premiera online &#8222;Dor b\u00fcst du platt&#8221; Nisko- i wysokoniemiecki program \u0142\u0105czony z Larsem Engelbrechtem<\/p>\n<p><strong>5.6. -17 h<\/strong>  &#8211; Czytanie online &#8222;Hein Hannemann- L\u00e4uschen von der W\u00e5terkant&#8221; &#8211; klasyka na nowo przet\u0142umaczona na j\u0119zyk niskoniemiecki<\/p>\n<p>Czytanie online z Ulrike Stern, Uniwersytet w Greifswaldzie<\/p>\n[\/et_pb_text][\/et_pb_column][\/et_pb_row][\/et_pb_section]\n","protected":false},"excerpt":{"rendered":"<p>1. Festiwal w g\u00f3r\u0119 Platt 1-6 czerwca 2021 r. J\u0119zyk Plattdeutsch staje si\u0119 coraz bardziej popularny, nawet w\u015br\u00f3d m\u0142odszych os\u00f3b, a wielu aktor\u00f3w w naszym kraju pr\u00f3buje go &#8222;odkurzy\u0107&#8221; w [&hellip;]<\/p>\n","protected":false},"author":7,"featured_media":16688,"comment_status":"closed","ping_status":"closed","sticky":false,"template":"","format":"standard","meta":{"_et_pb_use_builder":"on","_et_pb_old_content":"","_et_gb_content_width":""},"categories":[124],"tags":[],"acf":[],"_links":{"self":[{"href":"https:\/\/www.kulturzentrum.greifswald.de\/pl\/wp-json\/wp\/v2\/posts\/17035"}],"collection":[{"href":"https:\/\/www.kulturzentrum.greifswald.de\/pl\/wp-json\/wp\/v2\/posts"}],"about":[{"href":"https:\/\/www.kulturzentrum.greifswald.de\/pl\/wp-json\/wp\/v2\/types\/post"}],"author":[{"embeddable":true,"href":"https:\/\/www.kulturzentrum.greifswald.de\/pl\/wp-json\/wp\/v2\/users\/7"}],"replies":[{"embeddable":true,"href":"https:\/\/www.kulturzentrum.greifswald.de\/pl\/wp-json\/wp\/v2\/comments?post=17035"}],"version-history":[{"count":0,"href":"https:\/\/www.kulturzentrum.greifswald.de\/pl\/wp-json\/wp\/v2\/posts\/17035\/revisions"}],"wp:featuredmedia":[{"embeddable":true,"href":"https:\/\/www.kulturzentrum.greifswald.de\/pl\/wp-json\/wp\/v2\/media\/16688"}],"wp:attachment":[{"href":"https:\/\/www.kulturzentrum.greifswald.de\/pl\/wp-json\/wp\/v2\/media?parent=17035"}],"wp:term":[{"taxonomy":"category","embeddable":true,"href":"https:\/\/www.kulturzentrum.greifswald.de\/pl\/wp-json\/wp\/v2\/categories?post=17035"},{"taxonomy":"post_tag","embeddable":true,"href":"https:\/\/www.kulturzentrum.greifswald.de\/pl\/wp-json\/wp\/v2\/tags?post=17035"}],"curies":[{"name":"wp","href":"https:\/\/api.w.org\/{rel}","templated":true}]}}