{"id":17029,"date":"2022-07-03T19:19:54","date_gmt":"2022-07-03T17:19:54","guid":{"rendered":"https:\/\/www.kulturzentrum.greifswald.de\/w-pamieci\/"},"modified":"2022-07-03T19:19:55","modified_gmt":"2022-07-03T17:19:55","slug":"w-pamieci","status":"publish","type":"post","link":"https:\/\/www.kulturzentrum.greifswald.de\/pl\/w-pamieci\/","title":{"rendered":"W pami\u0119ci"},"content":{"rendered":"[et_pb_section fb_built=&#8221;1&#8243; _builder_version=&#8221;4.17.4&#8243; _module_preset=&#8221;default&#8221; global_colors_info=&#8221;{}&#8221; theme_builder_area=&#8221;post_content&#8221;][et_pb_row column_structure=&#8221;2_5,3_5&#8243; _builder_version=&#8221;4.17.4&#8243; _module_preset=&#8221;default&#8221; global_colors_info=&#8221;{}&#8221; theme_builder_area=&#8221;post_content&#8221;][et_pb_column type=&#8221;2_5&#8243; _builder_version=&#8221;4.17.4&#8243; _module_preset=&#8221;default&#8221; global_colors_info=&#8221;{}&#8221; theme_builder_area=&#8221;post_content&#8221;][et_pb_image src=&#8221;https:\/\/www.kulturzentrum.greifswald.de\/wp-content\/uploads\/2022\/07\/Ausstellung_In-Erinnerung_Sibylle-Hagemann.jpg&#8221; _builder_version=&#8221;4.17.4&#8243; _module_preset=&#8221;default&#8221; hover_enabled=&#8221;0&#8243; global_colors_info=&#8221;{}&#8221; theme_builder_area=&#8221;post_content&#8221; title_text=&#8221;Wystawa_w-pami\u0119ci_Sibylle-Hagemann&#8221; sticky_enabled=&#8221;0&#8243;][\/et_pb_image][et_pb_text _builder_version=&#8221;4.17.4&#8243; _module_preset=&#8221;default&#8221; theme_builder_area=&#8221;post_content&#8221; hover_enabled=&#8221;0&#8243; sticky_enabled=&#8221;0&#8243; header_font=&#8221;Cormorant Garamond|700|||||||&#8221; header_font_size=&#8221;50px&#8221;]\n<h1 class=\"western\">W pami\u0119ci<\/h1>\n<p><strong>Wystawa fotografii Waltraud K\u00fchne i Sibylle Hagemann<\/strong><br \/>Fotograficzne spojrzenie na kultur\u0119 pogrzebow\u0105 w Greifswaldzie i innych miejscach Wystawa w budynku frontowym St. Spiritus, wej\u015bcie Lange Stra\u00dfe 49,<\/p>\n<p>Godziny otwarcia: Poniedzia\u0142ek &#8211; pi\u0105tek 10:00 &#8211; 18:00,<br \/>Sat 10:00 &#8211; 14:00<br \/>Wernisa\u017c: 07.07.2022 | 19:00<br \/><strong>Wst\u0119p wolny<\/strong><\/p>\n[\/et_pb_text][\/et_pb_column][et_pb_column type=&#8221;3_5&#8243; _builder_version=&#8221;4.17.4&#8243; _module_preset=&#8221;default&#8221; global_colors_info=&#8221;{}&#8221; theme_builder_area=&#8221;post_content&#8221;][et_pb_text _builder_version=&#8221;4.17.4&#8243; _module_preset=&#8221;default&#8221; hover_enabled=&#8221;0&#8243; global_colors_info=&#8221;{}&#8221; theme_builder_area=&#8221;post_content&#8221; text_font=&#8221;||||||||&#8221; header_font=&#8221;Cormorant Garamond|700|||||||&#8221; header_font_size=&#8221;50px&#8221; sticky_enabled=&#8221;0&#8243;]\n<p>Ta wystawa fotograficzna koncentruje si\u0119 na lokalnej kulturze sepulkralnej, kulturze poch\u00f3wku, a fotografowie skupili si\u0119 g\u0142\u00f3wnie na cmentarzach Greifswaldu. Jednak przyk\u0142ady z najbli\u017cszego otoczenia i cmentarza Ohlsdorf w Hamburgu daj\u0105 r\u00f3wnie\u017c wgl\u0105d w historyczn\u0105 r\u00f3\u017cnorodno\u015b\u0107 kultury poch\u00f3wku i miejsc pami\u0119ci o zmar\u0142ych. Jak dowodz\u0105 znaleziska archeologiczne, poch\u00f3wki istniej\u0105 od tysi\u0119cy lat. Nawet nasi &#8222;najbli\u017csi krewni&#8221; w drzewie genealogicznym cz\u0142owieka, neandertalczycy, podobno rytualnie grzebali swoich zmar\u0142ych.<br \/>W zale\u017cno\u015bci od t\u0142a kulturowego i ci\u0105gu chronologicznego, zwyczaje i budowle s\u0105 r\u00f3\u017cne: np. ogromne piramidy Egiptu do wsp\u00f3\u0142czesnych p\u00f3l urnowych na naszych cmentarzach, ale tak\u017ce tendencja do poch\u00f3wku na morzu lub w lasach cmentarnych tak samo jak najr\u00f3\u017cniejsze wydarzenia \u017ca\u0142obne.<\/p>\n<p>Waltraud K\u00fchne przez wiele lat by\u0142a przewodnicz\u0105c\u0105 Greifswaldzkiego Klubu Fotograficznego, a obecnie jest jego honorowym cz\u0142onkiem; Sibylle Hagemann jest aktywn\u0105 cz\u0142onkini\u0105 Greifswaldzkiego Klubu Fotograficznego.<\/p>\n[\/et_pb_text][\/et_pb_column][\/et_pb_row][\/et_pb_section]\n","protected":false},"excerpt":{"rendered":"<p>8 lipca &#8211; 19 sierpnia 2022 r.<\/p>\n","protected":false},"author":7,"featured_media":16748,"comment_status":"closed","ping_status":"closed","sticky":false,"template":"","format":"standard","meta":{"_et_pb_use_builder":"on","_et_pb_old_content":"","_et_gb_content_width":""},"categories":[103],"tags":[],"acf":[],"_links":{"self":[{"href":"https:\/\/www.kulturzentrum.greifswald.de\/pl\/wp-json\/wp\/v2\/posts\/17029"}],"collection":[{"href":"https:\/\/www.kulturzentrum.greifswald.de\/pl\/wp-json\/wp\/v2\/posts"}],"about":[{"href":"https:\/\/www.kulturzentrum.greifswald.de\/pl\/wp-json\/wp\/v2\/types\/post"}],"author":[{"embeddable":true,"href":"https:\/\/www.kulturzentrum.greifswald.de\/pl\/wp-json\/wp\/v2\/users\/7"}],"replies":[{"embeddable":true,"href":"https:\/\/www.kulturzentrum.greifswald.de\/pl\/wp-json\/wp\/v2\/comments?post=17029"}],"version-history":[{"count":0,"href":"https:\/\/www.kulturzentrum.greifswald.de\/pl\/wp-json\/wp\/v2\/posts\/17029\/revisions"}],"wp:featuredmedia":[{"embeddable":true,"href":"https:\/\/www.kulturzentrum.greifswald.de\/pl\/wp-json\/wp\/v2\/media\/16748"}],"wp:attachment":[{"href":"https:\/\/www.kulturzentrum.greifswald.de\/pl\/wp-json\/wp\/v2\/media?parent=17029"}],"wp:term":[{"taxonomy":"category","embeddable":true,"href":"https:\/\/www.kulturzentrum.greifswald.de\/pl\/wp-json\/wp\/v2\/categories?post=17029"},{"taxonomy":"post_tag","embeddable":true,"href":"https:\/\/www.kulturzentrum.greifswald.de\/pl\/wp-json\/wp\/v2\/tags?post=17029"}],"curies":[{"name":"wp","href":"https:\/\/api.w.org\/{rel}","templated":true}]}}