{"id":16293,"date":"2022-06-28T23:22:27","date_gmt":"2022-06-28T21:22:27","guid":{"rendered":"https:\/\/www.kulturzentrum.greifswald.de\/100-lat-johanny-neef\/"},"modified":"2022-06-28T23:22:27","modified_gmt":"2022-06-28T21:22:27","slug":"100-lat-johanny-neef","status":"publish","type":"post","link":"https:\/\/www.kulturzentrum.greifswald.de\/pl\/100-lat-johanny-neef\/","title":{"rendered":"100 lat Johanny Neef"},"content":{"rendered":"\n<h2>&#8222;Z \u017cycia i ze \u015bwiat\u0142a&#8230;&#8221;. &#8211; Malarstwo i grafika | 16.02.-27.03.2022<\/h2>\n\n<p>Wystawa upami\u0119tnia artystk\u0119 z Greifswaldu Johann\u0119 Neef, kt\u00f3ra w tym roku sko\u0144czy\u0142aby 100 lat. Zaprezentowane zostan\u0105 rysunki, grafiki i obrazy: pejza\u017ce p\u00f3\u0142nocy, ekspresyjne portrety, Greifswald w okresie przej\u015bciowym.<br\/>Wystawa w dniach 16.02-27.03.2022 r. | Wernisa\u017c 15.02. godz. 19.00 |<br\/>Finisa\u017c z okazji 100-lecia Urodziny 27.3. 16.00<br\/>Wystawa czynna od poniedzia\u0142ku do pi\u0105tku w godz. 12-17 &#8211; Wst\u0119p wolny &#8211; Prosimy o przestrzeganie aktualnego regulaminu Corony &#8211; Wst\u0119p z 2G+, maski obowi\u0105zkowe.<\/p>\n","protected":false},"excerpt":{"rendered":"<p>&#8222;Z \u017cycia i ze \u015bwiat\u0142a&#8230;&#8221;. &#8211; Malarstwo i grafika | 16.02.-27.03.2022 Wystawa upami\u0119tnia artystk\u0119 z Greifswaldu Johann\u0119 Neef, kt\u00f3ra w tym roku sko\u0144czy\u0142aby 100 lat. Zaprezentowane zostan\u0105 rysunki, grafiki i [&hellip;]<\/p>\n","protected":false},"author":7,"featured_media":16199,"comment_status":"closed","ping_status":"closed","sticky":false,"template":"","format":"standard","meta":{"_et_pb_use_builder":"on","_et_pb_old_content":"","_et_gb_content_width":""},"categories":[103],"tags":[],"acf":[],"_links":{"self":[{"href":"https:\/\/www.kulturzentrum.greifswald.de\/pl\/wp-json\/wp\/v2\/posts\/16293"}],"collection":[{"href":"https:\/\/www.kulturzentrum.greifswald.de\/pl\/wp-json\/wp\/v2\/posts"}],"about":[{"href":"https:\/\/www.kulturzentrum.greifswald.de\/pl\/wp-json\/wp\/v2\/types\/post"}],"author":[{"embeddable":true,"href":"https:\/\/www.kulturzentrum.greifswald.de\/pl\/wp-json\/wp\/v2\/users\/7"}],"replies":[{"embeddable":true,"href":"https:\/\/www.kulturzentrum.greifswald.de\/pl\/wp-json\/wp\/v2\/comments?post=16293"}],"version-history":[{"count":0,"href":"https:\/\/www.kulturzentrum.greifswald.de\/pl\/wp-json\/wp\/v2\/posts\/16293\/revisions"}],"wp:featuredmedia":[{"embeddable":true,"href":"https:\/\/www.kulturzentrum.greifswald.de\/pl\/wp-json\/wp\/v2\/media\/16199"}],"wp:attachment":[{"href":"https:\/\/www.kulturzentrum.greifswald.de\/pl\/wp-json\/wp\/v2\/media?parent=16293"}],"wp:term":[{"taxonomy":"category","embeddable":true,"href":"https:\/\/www.kulturzentrum.greifswald.de\/pl\/wp-json\/wp\/v2\/categories?post=16293"},{"taxonomy":"post_tag","embeddable":true,"href":"https:\/\/www.kulturzentrum.greifswald.de\/pl\/wp-json\/wp\/v2\/tags?post=16293"}],"curies":[{"name":"wp","href":"https:\/\/api.w.org\/{rel}","templated":true}]}}